{"id":1020,"date":"2017-05-08T13:18:55","date_gmt":"2017-05-08T13:18:55","guid":{"rendered":"http:\/\/www.obradecor.com\/ca\/?p=1020"},"modified":"2017-05-16T08:47:23","modified_gmt":"2017-05-16T08:47:23","slug":"opiniones-clientes-reforma-integral-la-casa-emilio-mari-maresme","status":"publish","type":"post","link":"https:\/\/www.obradecor.com\/ca\/opiniones-clientes-reforma-integral-la-casa-emilio-mari-maresme\/","title":{"rendered":"Opinions de clients: Reforma integral de la casa d&#8217;Emilio i Mari en el Maresme"},"content":{"rendered":"<p>[et_pb_section admin_label=&#8221;section&#8221;][et_pb_row admin_label=&#8221;row&#8221;][et_pb_column type=&#8221;4_4&#8243;][et_pb_text admin_label=&#8221;Texto&#8221; background_layout=&#8221;light&#8221; text_orientation=&#8221;left&#8221; use_border_color=&#8221;off&#8221; border_color=&#8221;#ffffff&#8221; border_style=&#8221;solid&#8221;]<\/p>\n<p>Mari Carmen i Emilio ens expliquen la seva experi\u00e8ncia en la reforma integral de la seva casa, gestionada a trav\u00e9s de ObraDecor.<\/p>\n<p><strong>Com vau con\u00e8ixer a ObraDecor?<br \/>\n<\/strong>Ens ho van recomanar, Com b\u00e9 sabeu de vegades l&#8217;experi\u00e8ncia que mes compte \u00e9s la d&#8217;una persona de confian\u00e7a, que ens va obrir les portes de la seva casa per ensenyar-nos el treball que havien fet i aix\u00ed va ser com ens decidim per ObraDecor.<\/p>\n<p><strong>Com van confeccionar el pressupost d&#8217;una reforma tan gran?<br \/>\n<\/strong>En primer lloc, l&#8217;encarregat d&#8217;obres va venir al nostre domicili a prendre mesures absolutament de tot, a posterior, vam quedar a l&#8217;estudi perqu\u00e8 ens presentessin tots els pl\u00e0nols i dissenys, i seguidament vam seleccionar detalladament partida per partida tots els materials.<\/p>\n<p>Gr\u00e0cies als professionals que tenen en ObraDecor, a tot moment ens van aconsellar sobre la millor distribuci\u00f3, en cada habitacle a reformar i la major comoditat, unificant disseny i practicidad.<\/p>\n<p>Ens van elaborar uns dissenys en 3d en els quals vam veure clarament com anava a quedar la nostra reforma, i una vegada tot matisat ens vam posar a la feina.<\/p>\n<p><strong>Com va ser proc\u00e9s de l&#8217;obra?<br \/>\n<\/strong>En ser una reforma integral, nosaltres decidim anar-nos a viure fos mentre realitzaven l&#8217;obra, que aproximadament va durar uns 3 mesos.<\/p>\n<p>El primer dia el Cap d&#8217;obres ens va explicar tot el proc\u00e9s de l&#8217;obra, i ens va presentar als operaris que anaven a treballar en la mateixa.<\/p>\n<p>Nosaltres f\u00e8iem un seguiment continu de l&#8217;obra i col\u00b7labor\u00e0vem molt junts en aspectes tals com decidir i marcar els punts de llum, altura de mobiliaris de cuina, per verificar tot el que hav\u00edem marcat anteriorment al pressupost.<\/p>\n<p><img loading=\"lazy\" decoding=\"async\" class=\"alignnone size-full wp-image-401\" src=\"\/wp-content\/uploads\/2017\/04\/reforma_integral_obradecor_4.jpg\" alt=\"\" width=\"1200\" height=\"900\" srcset=\"https:\/\/www.obradecor.com\/wp-content\/uploads\/2017\/04\/reforma_integral_obradecor_4.jpg 1200w, https:\/\/www.obradecor.com\/wp-content\/uploads\/2017\/04\/reforma_integral_obradecor_4-300x225.jpg 300w, https:\/\/www.obradecor.com\/wp-content\/uploads\/2017\/04\/reforma_integral_obradecor_4-768x576.jpg 768w, https:\/\/www.obradecor.com\/wp-content\/uploads\/2017\/04\/reforma_integral_obradecor_4-1024x768.jpg 1024w, https:\/\/www.obradecor.com\/wp-content\/uploads\/2017\/04\/reforma_integral_obradecor_4-510x382.jpg 510w, https:\/\/www.obradecor.com\/wp-content\/uploads\/2017\/04\/reforma_integral_obradecor_4-1080x810.jpg 1080w\" sizes=\"auto, (max-width: 1200px) 100vw, 1200px\" \/><\/p>\n<p><img loading=\"lazy\" decoding=\"async\" class=\"alignnone size-full wp-image-403\" src=\"\/wp-content\/uploads\/2017\/04\/reforma_integral_obradecor_3.jpg\" alt=\"\" width=\"1200\" height=\"900\" srcset=\"https:\/\/www.obradecor.com\/wp-content\/uploads\/2017\/04\/reforma_integral_obradecor_3.jpg 1200w, https:\/\/www.obradecor.com\/wp-content\/uploads\/2017\/04\/reforma_integral_obradecor_3-300x225.jpg 300w, https:\/\/www.obradecor.com\/wp-content\/uploads\/2017\/04\/reforma_integral_obradecor_3-768x576.jpg 768w, https:\/\/www.obradecor.com\/wp-content\/uploads\/2017\/04\/reforma_integral_obradecor_3-1024x768.jpg 1024w, https:\/\/www.obradecor.com\/wp-content\/uploads\/2017\/04\/reforma_integral_obradecor_3-510x382.jpg 510w, https:\/\/www.obradecor.com\/wp-content\/uploads\/2017\/04\/reforma_integral_obradecor_3-1080x810.jpg 1080w\" sizes=\"auto, (max-width: 1200px) 100vw, 1200px\" \/><\/p>\n<p>La veritat que com s&#8217;assemblava bastant al que ja ens havien explicat en l&#8217;estudi no ens vam portar sorpreses.<\/p>\n<p>Setmana a setmana anava veient com la meva casa estava canviant per complet, a tot moment hi havia operaris a casa i la gesti\u00f3 va ser molt \u00e0gil.<\/p>\n<p>I per fi va arribar el dia d&#8217;ultimar petits detalls i donar per finalitzada l&#8217;obra.<\/p>\n<p><strong>Recomanaries a ObraDecor?<br \/>\n<\/strong>Per descomptat, igual que a mi m&#8217;ho van recomanar, cuiden cada detall al 100% i el manteniment \u00e9s perfecte. Per descomptat que s\u00ed.<\/p>\n<p><a href=\"\/portfolio\/calle-montseny-teia\/\">Vegi el projecte complet en el nostre portfolio<\/a><\/p>\n<p>[\/et_pb_text][\/et_pb_column][\/et_pb_row][\/et_pb_section]<\/p>\n","protected":false},"excerpt":{"rendered":"<p>Mari Carmen i Emilio ens expliquen la seva experi\u00e8ncia en la reforma integral de la seva casa, gestionada a trav\u00e9s de ObraDecor. Com vau con\u00e8ixer a ObraDecor? Ens ho van recomanar, Com b\u00e9 sabeu de vegades l&#8217;experi\u00e8ncia que mes compte \u00e9s la d&#8217;una persona de confian\u00e7a, que ens va obrir les portes de la seva [&hellip;]<\/p>\n","protected":false},"author":1,"featured_media":0,"comment_status":"closed","ping_status":"closed","sticky":false,"template":"","format":"standard","meta":{"_et_pb_use_builder":"on","_et_pb_old_content":"Mari Carmen y Emilio nos cuentan su experiencia en la reforma integral de su casa, gestionada a trav\u00e9s de ObraDecor.\r\n\r\n<strong>\u00bfC\u00f3mo conocisteis a ObraDecor?\r\n<\/strong>Nos lo recomendaron, Como bien sab\u00e9is a veces la experiencia que mas cuenta es la de una persona de confianza, que nos abri\u00f3 las puertas de su casa para ense\u00f1arnos el trabajo que hab\u00edan hecho y as\u00ed fue como nos decidimos por ObraDecor.\r\n\r\n<strong>\u00bfC\u00f3mo confeccionaron el presupuesto de una reforma tan grande?\r\n<\/strong>En primer lugar, el encargado de obras vino a nuestro domicilio a tomar medidas absolutamente de todo, a posterior, quedamos en el estudio para que nos presentasen todos los planos y dise\u00f1os, y seguidamente seleccionamos detalladamente partida por partida todos los materiales.\r\n\r\nGracias a los profesionales que tienen en ObraDecor, en todo momento nos aconsejaron sobre la mejor distribuci\u00f3n, en cada habit\u00e1culo a reformar y la mayor comodidad, unificando dise\u00f1o y practicidad.\r\n\r\nNos elaboraron unos dise\u00f1os en 3d en los cuales vimos claramente c\u00f3mo iba a quedar nuestra reforma, y una vez todo matizado nos pusimos manos a la obra.\r\n\r\n<strong>\u00bfC\u00f3mo fue proceso de la obra?\r\n<\/strong>Al ser una reforma integral, nosotros decidimos irnos a vivir fuera mientras realizaban la obra, que aproximadamente dur\u00f3 unos 3 meses.\r\n\r\nEl primer d\u00eda el Jefe de obras nos explico todo el proceso de la obra, y nos present\u00f3 a los operarios que iban a trabajar en ella.\r\n\r\nNosotros hac\u00edamos un seguimiento continuo de la obra y colabor\u00e1bamos mucho juntos en aspectos tales como decidir y marcar los puntos de luz, altura de mobiliarios de cocina, para verificar todo lo que hab\u00edamos marcado anteriormente en el presupuesto.\r\n\r\n<img class=\"alignnone size-full wp-image-401\" src=\"\/wp-content\/uploads\/2017\/04\/reforma_integral_obradecor_4.jpg\" alt=\"\" width=\"1200\" height=\"900\" \/>\r\n\r\n<img class=\"alignnone size-full wp-image-403\" src=\"\/wp-content\/uploads\/2017\/04\/reforma_integral_obradecor_3.jpg\" alt=\"\" width=\"1200\" height=\"900\" \/>\r\n\r\nLa verdad que como se asemejaba bastante a lo que ya nos hab\u00edan explicado en el estudio no nos llevamos sorpresas.\r\n\r\nSemana a semana iba viendo como mi casa estaba cambiando por completo, en todo momento hab\u00eda operarios en casa y la gesti\u00f3n fue muy bien.\r\n\r\nY por fin llego el d\u00eda de ultimar peque\u00f1os detalles y dar por finalizada la obra.\r\n\r\n<strong>\u00bfRecomendar\u00edas a ObraDecor?\r\n<\/strong>Por supuesto, al igual que a m\u00ed me lo recomendaron, cuidan cada detalle al 100% y el mantenimiento es perfecto. Por supuesto que s\u00ed.\r\n\r\n<a href=\"\/portfolio\/calle-montseny-teia\/\">Vea el proyecto completo en nuestro portfolio<\/a>","_et_gb_content_width":"","footnotes":""},"categories":[2],"tags":[],"class_list":["post-1020","post","type-post","status-publish","format-standard","hentry","category-blog-ca"],"yoast_head":"<!-- This site is optimized with the Yoast SEO plugin v27.5 - https:\/\/yoast.com\/product\/yoast-seo-wordpress\/ -->\n<title>Opinions de clients: Reforma integral de la casa d&#039;Emilio i Mari en el Maresme | Obradecor<\/title>\n<meta name=\"robots\" content=\"index, follow, max-snippet:-1, max-image-preview:large, max-video-preview:-1\" \/>\n<link rel=\"canonical\" href=\"https:\/\/www.obradecor.com\/ca\/opiniones-clientes-reforma-integral-la-casa-emilio-mari-maresme\/\" \/>\n<meta property=\"og:locale\" content=\"ca_ES\" \/>\n<meta property=\"og:type\" content=\"article\" \/>\n<meta property=\"og:title\" content=\"Opinions de clients: Reforma integral de la casa d&#039;Emilio i Mari en el Maresme | Obradecor\" \/>\n<meta property=\"og:description\" content=\"Mari Carmen i Emilio ens expliquen la seva experi\u00e8ncia en la reforma integral de la seva casa, gestionada a trav\u00e9s de ObraDecor. Com vau con\u00e8ixer a ObraDecor? Ens ho van recomanar, Com b\u00e9 sabeu de vegades l&#039;experi\u00e8ncia que mes compte \u00e9s la d&#039;una persona de confian\u00e7a, que ens va obrir les portes de la seva [&hellip;]\" \/>\n<meta property=\"og:url\" content=\"https:\/\/www.obradecor.com\/ca\/opiniones-clientes-reforma-integral-la-casa-emilio-mari-maresme\/\" \/>\n<meta property=\"og:site_name\" content=\"Obradecor\" \/>\n<meta property=\"article:publisher\" content=\"https:\/\/www.facebook.com\/ObraDecorReformasIntegrales\/\" \/>\n<meta property=\"article:published_time\" content=\"2017-05-08T13:18:55+00:00\" \/>\n<meta property=\"article:modified_time\" content=\"2017-05-16T08:47:23+00:00\" \/>\n<meta name=\"author\" content=\"facturacion_s786ur2j\" \/>\n<meta name=\"twitter:card\" content=\"summary_large_image\" \/>\n<meta name=\"twitter:label1\" content=\"Escrit per\" \/>\n\t<meta name=\"twitter:data1\" content=\"facturacion_s786ur2j\" \/>\n\t<meta name=\"twitter:label2\" content=\"Temps estimat de lectura\" \/>\n\t<meta name=\"twitter:data2\" content=\"2 minuts\" \/>\n<script type=\"application\/ld+json\" class=\"yoast-schema-graph\">{\"@context\":\"https:\\\/\\\/schema.org\",\"@graph\":[{\"@type\":\"Article\",\"@id\":\"https:\\\/\\\/www.obradecor.com\\\/ca\\\/opiniones-clientes-reforma-integral-la-casa-emilio-mari-maresme\\\/#article\",\"isPartOf\":{\"@id\":\"https:\\\/\\\/www.obradecor.com\\\/ca\\\/opiniones-clientes-reforma-integral-la-casa-emilio-mari-maresme\\\/\"},\"author\":{\"name\":\"facturacion_s786ur2j\",\"@id\":\"https:\\\/\\\/www.obradecor.com\\\/#\\\/schema\\\/person\\\/d824e64eea5aa5208a5d8ed893083906\"},\"headline\":\"Opinions de clients: Reforma integral de la casa d&#8217;Emilio i Mari en el Maresme\",\"datePublished\":\"2017-05-08T13:18:55+00:00\",\"dateModified\":\"2017-05-16T08:47:23+00:00\",\"mainEntityOfPage\":{\"@id\":\"https:\\\/\\\/www.obradecor.com\\\/ca\\\/opiniones-clientes-reforma-integral-la-casa-emilio-mari-maresme\\\/\"},\"wordCount\":462,\"publisher\":{\"@id\":\"https:\\\/\\\/www.obradecor.com\\\/#organization\"},\"articleSection\":[\"Blog\"],\"inLanguage\":\"ca\"},{\"@type\":\"WebPage\",\"@id\":\"https:\\\/\\\/www.obradecor.com\\\/ca\\\/opiniones-clientes-reforma-integral-la-casa-emilio-mari-maresme\\\/\",\"url\":\"https:\\\/\\\/www.obradecor.com\\\/ca\\\/opiniones-clientes-reforma-integral-la-casa-emilio-mari-maresme\\\/\",\"name\":\"Opinions de clients: Reforma integral de la casa d'Emilio i Mari en el Maresme | Obradecor\",\"isPartOf\":{\"@id\":\"https:\\\/\\\/www.obradecor.com\\\/#website\"},\"datePublished\":\"2017-05-08T13:18:55+00:00\",\"dateModified\":\"2017-05-16T08:47:23+00:00\",\"breadcrumb\":{\"@id\":\"https:\\\/\\\/www.obradecor.com\\\/ca\\\/opiniones-clientes-reforma-integral-la-casa-emilio-mari-maresme\\\/#breadcrumb\"},\"inLanguage\":\"ca\",\"potentialAction\":[{\"@type\":\"ReadAction\",\"target\":[\"https:\\\/\\\/www.obradecor.com\\\/ca\\\/opiniones-clientes-reforma-integral-la-casa-emilio-mari-maresme\\\/\"]}]},{\"@type\":\"BreadcrumbList\",\"@id\":\"https:\\\/\\\/www.obradecor.com\\\/ca\\\/opiniones-clientes-reforma-integral-la-casa-emilio-mari-maresme\\\/#breadcrumb\",\"itemListElement\":[{\"@type\":\"ListItem\",\"position\":1,\"name\":\"Portada\",\"item\":\"https:\\\/\\\/www.obradecor.com\\\/ca\\\/\"},{\"@type\":\"ListItem\",\"position\":2,\"name\":\"Opinions de clients: Reforma integral de la casa d&#8217;Emilio i Mari en el Maresme\"}]},{\"@type\":\"WebSite\",\"@id\":\"https:\\\/\\\/www.obradecor.com\\\/#website\",\"url\":\"https:\\\/\\\/www.obradecor.com\\\/\",\"name\":\"Obradecor\",\"description\":\"Reforma integral de la vivienda e interiorismo\",\"publisher\":{\"@id\":\"https:\\\/\\\/www.obradecor.com\\\/#organization\"},\"potentialAction\":[{\"@type\":\"SearchAction\",\"target\":{\"@type\":\"EntryPoint\",\"urlTemplate\":\"https:\\\/\\\/www.obradecor.com\\\/?s={search_term_string}\"},\"query-input\":{\"@type\":\"PropertyValueSpecification\",\"valueRequired\":true,\"valueName\":\"search_term_string\"}}],\"inLanguage\":\"ca\"},{\"@type\":\"Organization\",\"@id\":\"https:\\\/\\\/www.obradecor.com\\\/#organization\",\"name\":\"Obradecor\",\"url\":\"https:\\\/\\\/www.obradecor.com\\\/\",\"logo\":{\"@type\":\"ImageObject\",\"inLanguage\":\"ca\",\"@id\":\"https:\\\/\\\/www.obradecor.com\\\/#\\\/schema\\\/logo\\\/image\\\/\",\"url\":\"https:\\\/\\\/www.obradecor.com\\\/wp-content\\\/uploads\\\/2017\\\/02\\\/logo.png\",\"contentUrl\":\"https:\\\/\\\/www.obradecor.com\\\/wp-content\\\/uploads\\\/2017\\\/02\\\/logo.png\",\"width\":177,\"height\":167,\"caption\":\"Obradecor\"},\"image\":{\"@id\":\"https:\\\/\\\/www.obradecor.com\\\/#\\\/schema\\\/logo\\\/image\\\/\"},\"sameAs\":[\"https:\\\/\\\/www.facebook.com\\\/ObraDecorReformasIntegrales\\\/\",\"https:\\\/\\\/www.instagram.com\\\/obradecor\\\/\"]},{\"@type\":\"Person\",\"@id\":\"https:\\\/\\\/www.obradecor.com\\\/#\\\/schema\\\/person\\\/d824e64eea5aa5208a5d8ed893083906\",\"name\":\"facturacion_s786ur2j\",\"image\":{\"@type\":\"ImageObject\",\"inLanguage\":\"ca\",\"@id\":\"https:\\\/\\\/secure.gravatar.com\\\/avatar\\\/0f8924df2ee083f9ab8cbc0105308d3d4a5f3a31e9ef654c1d24c61884287610?s=96&d=mm&r=g\",\"url\":\"https:\\\/\\\/secure.gravatar.com\\\/avatar\\\/0f8924df2ee083f9ab8cbc0105308d3d4a5f3a31e9ef654c1d24c61884287610?s=96&d=mm&r=g\",\"contentUrl\":\"https:\\\/\\\/secure.gravatar.com\\\/avatar\\\/0f8924df2ee083f9ab8cbc0105308d3d4a5f3a31e9ef654c1d24c61884287610?s=96&d=mm&r=g\",\"caption\":\"facturacion_s786ur2j\"},\"url\":\"https:\\\/\\\/www.obradecor.com\\\/ca\\\/author\\\/facturacion_s786ur2j\\\/\"}]}<\/script>\n<!-- \/ Yoast SEO plugin. -->","yoast_head_json":{"title":"Opinions de clients: Reforma integral de la casa d'Emilio i Mari en el Maresme | Obradecor","robots":{"index":"index","follow":"follow","max-snippet":"max-snippet:-1","max-image-preview":"max-image-preview:large","max-video-preview":"max-video-preview:-1"},"canonical":"https:\/\/www.obradecor.com\/ca\/opiniones-clientes-reforma-integral-la-casa-emilio-mari-maresme\/","og_locale":"ca_ES","og_type":"article","og_title":"Opinions de clients: Reforma integral de la casa d'Emilio i Mari en el Maresme | Obradecor","og_description":"Mari Carmen i Emilio ens expliquen la seva experi\u00e8ncia en la reforma integral de la seva casa, gestionada a trav\u00e9s de ObraDecor. Com vau con\u00e8ixer a ObraDecor? Ens ho van recomanar, Com b\u00e9 sabeu de vegades l'experi\u00e8ncia que mes compte \u00e9s la d'una persona de confian\u00e7a, que ens va obrir les portes de la seva [&hellip;]","og_url":"https:\/\/www.obradecor.com\/ca\/opiniones-clientes-reforma-integral-la-casa-emilio-mari-maresme\/","og_site_name":"Obradecor","article_publisher":"https:\/\/www.facebook.com\/ObraDecorReformasIntegrales\/","article_published_time":"2017-05-08T13:18:55+00:00","article_modified_time":"2017-05-16T08:47:23+00:00","author":"facturacion_s786ur2j","twitter_card":"summary_large_image","twitter_misc":{"Escrit per":"facturacion_s786ur2j","Temps estimat de lectura":"2 minuts"},"schema":{"@context":"https:\/\/schema.org","@graph":[{"@type":"Article","@id":"https:\/\/www.obradecor.com\/ca\/opiniones-clientes-reforma-integral-la-casa-emilio-mari-maresme\/#article","isPartOf":{"@id":"https:\/\/www.obradecor.com\/ca\/opiniones-clientes-reforma-integral-la-casa-emilio-mari-maresme\/"},"author":{"name":"facturacion_s786ur2j","@id":"https:\/\/www.obradecor.com\/#\/schema\/person\/d824e64eea5aa5208a5d8ed893083906"},"headline":"Opinions de clients: Reforma integral de la casa d&#8217;Emilio i Mari en el Maresme","datePublished":"2017-05-08T13:18:55+00:00","dateModified":"2017-05-16T08:47:23+00:00","mainEntityOfPage":{"@id":"https:\/\/www.obradecor.com\/ca\/opiniones-clientes-reforma-integral-la-casa-emilio-mari-maresme\/"},"wordCount":462,"publisher":{"@id":"https:\/\/www.obradecor.com\/#organization"},"articleSection":["Blog"],"inLanguage":"ca"},{"@type":"WebPage","@id":"https:\/\/www.obradecor.com\/ca\/opiniones-clientes-reforma-integral-la-casa-emilio-mari-maresme\/","url":"https:\/\/www.obradecor.com\/ca\/opiniones-clientes-reforma-integral-la-casa-emilio-mari-maresme\/","name":"Opinions de clients: Reforma integral de la casa d'Emilio i Mari en el Maresme | Obradecor","isPartOf":{"@id":"https:\/\/www.obradecor.com\/#website"},"datePublished":"2017-05-08T13:18:55+00:00","dateModified":"2017-05-16T08:47:23+00:00","breadcrumb":{"@id":"https:\/\/www.obradecor.com\/ca\/opiniones-clientes-reforma-integral-la-casa-emilio-mari-maresme\/#breadcrumb"},"inLanguage":"ca","potentialAction":[{"@type":"ReadAction","target":["https:\/\/www.obradecor.com\/ca\/opiniones-clientes-reforma-integral-la-casa-emilio-mari-maresme\/"]}]},{"@type":"BreadcrumbList","@id":"https:\/\/www.obradecor.com\/ca\/opiniones-clientes-reforma-integral-la-casa-emilio-mari-maresme\/#breadcrumb","itemListElement":[{"@type":"ListItem","position":1,"name":"Portada","item":"https:\/\/www.obradecor.com\/ca\/"},{"@type":"ListItem","position":2,"name":"Opinions de clients: Reforma integral de la casa d&#8217;Emilio i Mari en el Maresme"}]},{"@type":"WebSite","@id":"https:\/\/www.obradecor.com\/#website","url":"https:\/\/www.obradecor.com\/","name":"Obradecor","description":"Reforma integral de la vivienda e interiorismo","publisher":{"@id":"https:\/\/www.obradecor.com\/#organization"},"potentialAction":[{"@type":"SearchAction","target":{"@type":"EntryPoint","urlTemplate":"https:\/\/www.obradecor.com\/?s={search_term_string}"},"query-input":{"@type":"PropertyValueSpecification","valueRequired":true,"valueName":"search_term_string"}}],"inLanguage":"ca"},{"@type":"Organization","@id":"https:\/\/www.obradecor.com\/#organization","name":"Obradecor","url":"https:\/\/www.obradecor.com\/","logo":{"@type":"ImageObject","inLanguage":"ca","@id":"https:\/\/www.obradecor.com\/#\/schema\/logo\/image\/","url":"https:\/\/www.obradecor.com\/wp-content\/uploads\/2017\/02\/logo.png","contentUrl":"https:\/\/www.obradecor.com\/wp-content\/uploads\/2017\/02\/logo.png","width":177,"height":167,"caption":"Obradecor"},"image":{"@id":"https:\/\/www.obradecor.com\/#\/schema\/logo\/image\/"},"sameAs":["https:\/\/www.facebook.com\/ObraDecorReformasIntegrales\/","https:\/\/www.instagram.com\/obradecor\/"]},{"@type":"Person","@id":"https:\/\/www.obradecor.com\/#\/schema\/person\/d824e64eea5aa5208a5d8ed893083906","name":"facturacion_s786ur2j","image":{"@type":"ImageObject","inLanguage":"ca","@id":"https:\/\/secure.gravatar.com\/avatar\/0f8924df2ee083f9ab8cbc0105308d3d4a5f3a31e9ef654c1d24c61884287610?s=96&d=mm&r=g","url":"https:\/\/secure.gravatar.com\/avatar\/0f8924df2ee083f9ab8cbc0105308d3d4a5f3a31e9ef654c1d24c61884287610?s=96&d=mm&r=g","contentUrl":"https:\/\/secure.gravatar.com\/avatar\/0f8924df2ee083f9ab8cbc0105308d3d4a5f3a31e9ef654c1d24c61884287610?s=96&d=mm&r=g","caption":"facturacion_s786ur2j"},"url":"https:\/\/www.obradecor.com\/ca\/author\/facturacion_s786ur2j\/"}]}},"_links":{"self":[{"href":"https:\/\/www.obradecor.com\/ca\/wp-json\/wp\/v2\/posts\/1020","targetHints":{"allow":["GET"]}}],"collection":[{"href":"https:\/\/www.obradecor.com\/ca\/wp-json\/wp\/v2\/posts"}],"about":[{"href":"https:\/\/www.obradecor.com\/ca\/wp-json\/wp\/v2\/types\/post"}],"author":[{"embeddable":true,"href":"https:\/\/www.obradecor.com\/ca\/wp-json\/wp\/v2\/users\/1"}],"replies":[{"embeddable":true,"href":"https:\/\/www.obradecor.com\/ca\/wp-json\/wp\/v2\/comments?post=1020"}],"version-history":[{"count":3,"href":"https:\/\/www.obradecor.com\/ca\/wp-json\/wp\/v2\/posts\/1020\/revisions"}],"predecessor-version":[{"id":1042,"href":"https:\/\/www.obradecor.com\/ca\/wp-json\/wp\/v2\/posts\/1020\/revisions\/1042"}],"wp:attachment":[{"href":"https:\/\/www.obradecor.com\/ca\/wp-json\/wp\/v2\/media?parent=1020"}],"wp:term":[{"taxonomy":"category","embeddable":true,"href":"https:\/\/www.obradecor.com\/ca\/wp-json\/wp\/v2\/categories?post=1020"},{"taxonomy":"post_tag","embeddable":true,"href":"https:\/\/www.obradecor.com\/ca\/wp-json\/wp\/v2\/tags?post=1020"}],"curies":[{"name":"wp","href":"https:\/\/api.w.org\/{rel}","templated":true}]}}